{"id":642,"date":"2023-01-16T11:52:33","date_gmt":"2023-01-16T11:52:33","guid":{"rendered":"https:\/\/klimagerechte-architektur.de\/?p=642"},"modified":"2023-01-16T11:52:34","modified_gmt":"2023-01-16T11:52:34","slug":"we-are-developing-the-old-slaughterhouse-with-the-pforzheim-commercial-culture-co-operative","status":"publish","type":"post","link":"https:\/\/klimagerechte-architektur.de\/en\/wir-entwickeln-den-alten-schlachthof-mit-der-genossenschaft-gewerbekultur-pforzheim\/","title":{"rendered":"We are developing the Alter Schlachthof with the Gewerbekultur cooperative - Pforzheim"},"content":{"rendered":"<p>The Gewerbekultur eG co-operative chose us to develop the Alter Schlachthof in Pforzheim together with them.<\/p>\n\n\n\n<p>A lively neighbourhood with many different users is to be created on the approximately two-hectare site in the north-east of Pforzheim by implementing modern residential and usage concepts. The co-operative's guiding principle is: \"Commercial and residential promotes art and culture\".<\/p>\n\n\n\n<p>On the one hand, interim commercial use of the existing structure is planned, but on the other hand, the development of the long-term realisation of an overall concept for the site, which will also include housing, is also planned. A development plan procedure will then run parallel to this.<br>In addition to planning, the transformation process should also be accompanied by communication and economic support. Our team is therefore interdisciplinary. We are working on the project together with Stephan Mertens (economic feasibility) and Jenna van Hauten (project mediation and moderation).<\/p>\n\n\n\n<p>The state of Baden-W\u00fcrttemberg is funding parts of the project as part of the \"Innovative Living BW\" programme. This was reported in the Pforzheimer Zeitung newspaper on 19 November 2022.<\/p>\n\n\n\n<p>We are looking forward to starting the project.<\/p>","protected":false},"excerpt":{"rendered":"<p>Die Genossenschaft Gewerbekultur eG hat uns ausgew\u00e4hlt, den Alten Schlachthof in Pforzheim gemeinsam mit ihnen zu entwickeln. Auf dem ca. zwei Hektar gro\u00dfen Areal im Nordosten von Pforzheim soll ein lebendiges Quartier mit vielen verschiedenen NutzerInnen durch Realisierung moderner Wohn- und Nutzungskonzepte entstehen. Der Leitsatz der Genossenschaft lautet: \u201eGewerbe und Wohnen f\u00f6rdert Kunst und Kultur\u201c. [&hellip;]<\/p>\n","protected":false},"author":1,"featured_media":643,"comment_status":"closed","ping_status":"closed","sticky":false,"template":"","format":"standard","meta":{"footnotes":""},"categories":[22],"tags":[],"class_list":["post-642","post","type-post","status-publish","format-standard","has-post-thumbnail","hentry","category-aktuelles"],"yoast_head":"<!-- This site is optimized with the Yoast SEO plugin v27.3 - https:\/\/yoast.com\/product\/yoast-seo-wordpress\/ -->\n<title>Wir entwickeln den Alten Schlachthof mit der Genossenschaft Gewerbekultur \u2013 Pforzheim - L\u00f6ffler_Schmeling<\/title>\n<meta name=\"robots\" content=\"noindex, follow\" \/>\n<meta property=\"og:locale\" content=\"en_GB\" \/>\n<meta property=\"og:type\" content=\"article\" \/>\n<meta property=\"og:title\" content=\"Wir entwickeln den Alten Schlachthof mit der Genossenschaft Gewerbekultur \u2013 Pforzheim - L\u00f6ffler_Schmeling\" \/>\n<meta property=\"og:description\" content=\"Die Genossenschaft Gewerbekultur eG hat uns ausgew\u00e4hlt, den Alten Schlachthof in Pforzheim gemeinsam mit ihnen zu entwickeln. Auf dem ca. zwei Hektar gro\u00dfen Areal im Nordosten von Pforzheim soll ein lebendiges Quartier mit vielen verschiedenen NutzerInnen durch Realisierung moderner Wohn- und Nutzungskonzepte entstehen. Der Leitsatz der Genossenschaft lautet: \u201eGewerbe und Wohnen f\u00f6rdert Kunst und Kultur\u201c. [&hellip;]\" \/>\n<meta property=\"og:url\" content=\"https:\/\/klimagerechte-architektur.de\/en\/we-are-developing-the-old-slaughterhouse-with-the-pforzheim-commercial-culture-co-operative\/\" \/>\n<meta property=\"og:site_name\" content=\"L\u00f6ffler_Schmeling\" \/>\n<meta property=\"article:published_time\" content=\"2023-01-16T11:52:33+00:00\" \/>\n<meta property=\"article:modified_time\" content=\"2023-01-16T11:52:34+00:00\" \/>\n<meta property=\"og:image\" content=\"https:\/\/klimagerechte-architektur.de\/wp-content\/uploads\/2023\/01\/221128_Presseartikel_Alter-Schlachthof_19.11.2022.jpg\" \/>\n\t<meta property=\"og:image:width\" content=\"893\" \/>\n\t<meta property=\"og:image:height\" content=\"836\" \/>\n\t<meta property=\"og:image:type\" content=\"image\/jpeg\" \/>\n<meta name=\"author\" content=\"digitalewege\" \/>\n<meta name=\"twitter:card\" content=\"summary_large_image\" \/>\n<meta name=\"twitter:label1\" content=\"Written by\" \/>\n\t<meta name=\"twitter:data1\" content=\"digitalewege\" \/>\n\t<meta name=\"twitter:label2\" content=\"Estimated reading time\" \/>\n\t<meta name=\"twitter:data2\" content=\"1 minute\" \/>\n<script type=\"application\/ld+json\" class=\"yoast-schema-graph\">{\"@context\":\"https:\\\/\\\/schema.org\",\"@graph\":[{\"@type\":\"Article\",\"@id\":\"https:\\\/\\\/klimagerechte-architektur.de\\\/wir-entwickeln-den-alten-schlachthof-mit-der-genossenschaft-gewerbekultur-pforzheim\\\/#article\",\"isPartOf\":{\"@id\":\"https:\\\/\\\/klimagerechte-architektur.de\\\/wir-entwickeln-den-alten-schlachthof-mit-der-genossenschaft-gewerbekultur-pforzheim\\\/\"},\"author\":{\"name\":\"digitalewege\",\"@id\":\"https:\\\/\\\/klimagerechte-architektur.de\\\/#\\\/schema\\\/person\\\/4042f56d4579281350baf52dd9b9872b\"},\"headline\":\"Wir entwickeln den Alten Schlachthof mit der Genossenschaft Gewerbekultur \u2013 Pforzheim\",\"datePublished\":\"2023-01-16T11:52:33+00:00\",\"dateModified\":\"2023-01-16T11:52:34+00:00\",\"mainEntityOfPage\":{\"@id\":\"https:\\\/\\\/klimagerechte-architektur.de\\\/wir-entwickeln-den-alten-schlachthof-mit-der-genossenschaft-gewerbekultur-pforzheim\\\/\"},\"wordCount\":171,\"publisher\":{\"@id\":\"https:\\\/\\\/klimagerechte-architektur.de\\\/#organization\"},\"image\":{\"@id\":\"https:\\\/\\\/klimagerechte-architektur.de\\\/wir-entwickeln-den-alten-schlachthof-mit-der-genossenschaft-gewerbekultur-pforzheim\\\/#primaryimage\"},\"thumbnailUrl\":\"https:\\\/\\\/klimagerechte-architektur.de\\\/wp-content\\\/uploads\\\/2023\\\/01\\\/221128_Presseartikel_Alter-Schlachthof_19.11.2022.jpg\",\"articleSection\":[\"Aktuelles\"],\"inLanguage\":\"en-GB\"},{\"@type\":\"WebPage\",\"@id\":\"https:\\\/\\\/klimagerechte-architektur.de\\\/wir-entwickeln-den-alten-schlachthof-mit-der-genossenschaft-gewerbekultur-pforzheim\\\/\",\"url\":\"https:\\\/\\\/klimagerechte-architektur.de\\\/wir-entwickeln-den-alten-schlachthof-mit-der-genossenschaft-gewerbekultur-pforzheim\\\/\",\"name\":\"Wir entwickeln den Alten Schlachthof mit der Genossenschaft Gewerbekultur \u2013 Pforzheim - L\u00f6ffler_Schmeling\",\"isPartOf\":{\"@id\":\"https:\\\/\\\/klimagerechte-architektur.de\\\/#website\"},\"primaryImageOfPage\":{\"@id\":\"https:\\\/\\\/klimagerechte-architektur.de\\\/wir-entwickeln-den-alten-schlachthof-mit-der-genossenschaft-gewerbekultur-pforzheim\\\/#primaryimage\"},\"image\":{\"@id\":\"https:\\\/\\\/klimagerechte-architektur.de\\\/wir-entwickeln-den-alten-schlachthof-mit-der-genossenschaft-gewerbekultur-pforzheim\\\/#primaryimage\"},\"thumbnailUrl\":\"https:\\\/\\\/klimagerechte-architektur.de\\\/wp-content\\\/uploads\\\/2023\\\/01\\\/221128_Presseartikel_Alter-Schlachthof_19.11.2022.jpg\",\"datePublished\":\"2023-01-16T11:52:33+00:00\",\"dateModified\":\"2023-01-16T11:52:34+00:00\",\"breadcrumb\":{\"@id\":\"https:\\\/\\\/klimagerechte-architektur.de\\\/wir-entwickeln-den-alten-schlachthof-mit-der-genossenschaft-gewerbekultur-pforzheim\\\/#breadcrumb\"},\"inLanguage\":\"en-GB\",\"potentialAction\":[{\"@type\":\"ReadAction\",\"target\":[\"https:\\\/\\\/klimagerechte-architektur.de\\\/wir-entwickeln-den-alten-schlachthof-mit-der-genossenschaft-gewerbekultur-pforzheim\\\/\"]}]},{\"@type\":\"ImageObject\",\"inLanguage\":\"en-GB\",\"@id\":\"https:\\\/\\\/klimagerechte-architektur.de\\\/wir-entwickeln-den-alten-schlachthof-mit-der-genossenschaft-gewerbekultur-pforzheim\\\/#primaryimage\",\"url\":\"https:\\\/\\\/klimagerechte-architektur.de\\\/wp-content\\\/uploads\\\/2023\\\/01\\\/221128_Presseartikel_Alter-Schlachthof_19.11.2022.jpg\",\"contentUrl\":\"https:\\\/\\\/klimagerechte-architektur.de\\\/wp-content\\\/uploads\\\/2023\\\/01\\\/221128_Presseartikel_Alter-Schlachthof_19.11.2022.jpg\",\"width\":893,\"height\":836},{\"@type\":\"BreadcrumbList\",\"@id\":\"https:\\\/\\\/klimagerechte-architektur.de\\\/wir-entwickeln-den-alten-schlachthof-mit-der-genossenschaft-gewerbekultur-pforzheim\\\/#breadcrumb\",\"itemListElement\":[{\"@type\":\"ListItem\",\"position\":1,\"name\":\"Startseite\",\"item\":\"https:\\\/\\\/klimagerechte-architektur.de\\\/\"},{\"@type\":\"ListItem\",\"position\":2,\"name\":\"Wir entwickeln den Alten Schlachthof mit der Genossenschaft Gewerbekultur \u2013 Pforzheim\"}]},{\"@type\":\"WebSite\",\"@id\":\"https:\\\/\\\/klimagerechte-architektur.de\\\/#website\",\"url\":\"https:\\\/\\\/klimagerechte-architektur.de\\\/\",\"name\":\"Klimagerechte Architektur\",\"description\":\"KLIMAGERECHTIGKEIT \u2013 DIE BR\u00dcCKE ZWISCHEN SOZIALER UND \u00d6KOLOGISCHER ARCHITEKTUR\",\"publisher\":{\"@id\":\"https:\\\/\\\/klimagerechte-architektur.de\\\/#organization\"},\"potentialAction\":[{\"@type\":\"SearchAction\",\"target\":{\"@type\":\"EntryPoint\",\"urlTemplate\":\"https:\\\/\\\/klimagerechte-architektur.de\\\/?s={search_term_string}\"},\"query-input\":{\"@type\":\"PropertyValueSpecification\",\"valueRequired\":true,\"valueName\":\"search_term_string\"}}],\"inLanguage\":\"en-GB\"},{\"@type\":\"Organization\",\"@id\":\"https:\\\/\\\/klimagerechte-architektur.de\\\/#organization\",\"name\":\"L\u00f6ffler_Schmeling Architekten\",\"url\":\"https:\\\/\\\/klimagerechte-architektur.de\\\/\",\"logo\":{\"@type\":\"ImageObject\",\"inLanguage\":\"en-GB\",\"@id\":\"https:\\\/\\\/klimagerechte-architektur.de\\\/#\\\/schema\\\/logo\\\/image\\\/\",\"url\":\"https:\\\/\\\/klimagerechte-architektur.de\\\/wp-content\\\/uploads\\\/2023\\\/01\\\/LS_LogoCoolveticaueberarbeitet_Anne-1.png\",\"contentUrl\":\"https:\\\/\\\/klimagerechte-architektur.de\\\/wp-content\\\/uploads\\\/2023\\\/01\\\/LS_LogoCoolveticaueberarbeitet_Anne-1.png\",\"width\":1741,\"height\":402,\"caption\":\"L\u00f6ffler_Schmeling Architekten\"},\"image\":{\"@id\":\"https:\\\/\\\/klimagerechte-architektur.de\\\/#\\\/schema\\\/logo\\\/image\\\/\"}},{\"@type\":\"Person\",\"@id\":\"https:\\\/\\\/klimagerechte-architektur.de\\\/#\\\/schema\\\/person\\\/4042f56d4579281350baf52dd9b9872b\",\"name\":\"digitalewege\",\"image\":{\"@type\":\"ImageObject\",\"inLanguage\":\"en-GB\",\"@id\":\"https:\\\/\\\/secure.gravatar.com\\\/avatar\\\/5c8c660d235cd9e73eab65c522fa3ba544adb4b61dfafed715bcd5a3a2155c6e?s=96&d=mm&r=g\",\"url\":\"https:\\\/\\\/secure.gravatar.com\\\/avatar\\\/5c8c660d235cd9e73eab65c522fa3ba544adb4b61dfafed715bcd5a3a2155c6e?s=96&d=mm&r=g\",\"contentUrl\":\"https:\\\/\\\/secure.gravatar.com\\\/avatar\\\/5c8c660d235cd9e73eab65c522fa3ba544adb4b61dfafed715bcd5a3a2155c6e?s=96&d=mm&r=g\",\"caption\":\"digitalewege\"},\"sameAs\":[\"https:\\\/\\\/digitalewege.de\"]}]}<\/script>\n<!-- \/ Yoast SEO plugin. -->","yoast_head_json":{"title":"We are developing the Alter Schlachthof with the Gewerbekultur cooperative - Pforzheim - L\u00f6ffler_Schmeling","robots":{"index":"noindex","follow":"follow"},"og_locale":"en_GB","og_type":"article","og_title":"Wir entwickeln den Alten Schlachthof mit der Genossenschaft Gewerbekultur \u2013 Pforzheim - L\u00f6ffler_Schmeling","og_description":"Die Genossenschaft Gewerbekultur eG hat uns ausgew\u00e4hlt, den Alten Schlachthof in Pforzheim gemeinsam mit ihnen zu entwickeln. Auf dem ca. zwei Hektar gro\u00dfen Areal im Nordosten von Pforzheim soll ein lebendiges Quartier mit vielen verschiedenen NutzerInnen durch Realisierung moderner Wohn- und Nutzungskonzepte entstehen. Der Leitsatz der Genossenschaft lautet: \u201eGewerbe und Wohnen f\u00f6rdert Kunst und Kultur\u201c. [&hellip;]","og_url":"https:\/\/klimagerechte-architektur.de\/en\/we-are-developing-the-old-slaughterhouse-with-the-pforzheim-commercial-culture-co-operative\/","og_site_name":"L\u00f6ffler_Schmeling","article_published_time":"2023-01-16T11:52:33+00:00","article_modified_time":"2023-01-16T11:52:34+00:00","og_image":[{"width":893,"height":836,"url":"https:\/\/klimagerechte-architektur.de\/wp-content\/uploads\/2023\/01\/221128_Presseartikel_Alter-Schlachthof_19.11.2022.jpg","type":"image\/jpeg"}],"author":"digitalewege","twitter_card":"summary_large_image","twitter_misc":{"Written by":"digitalewege","Estimated reading time":"1 minute"},"schema":{"@context":"https:\/\/schema.org","@graph":[{"@type":"Article","@id":"https:\/\/klimagerechte-architektur.de\/wir-entwickeln-den-alten-schlachthof-mit-der-genossenschaft-gewerbekultur-pforzheim\/#article","isPartOf":{"@id":"https:\/\/klimagerechte-architektur.de\/wir-entwickeln-den-alten-schlachthof-mit-der-genossenschaft-gewerbekultur-pforzheim\/"},"author":{"name":"digitalewege","@id":"https:\/\/klimagerechte-architektur.de\/#\/schema\/person\/4042f56d4579281350baf52dd9b9872b"},"headline":"Wir entwickeln den Alten Schlachthof mit der Genossenschaft Gewerbekultur \u2013 Pforzheim","datePublished":"2023-01-16T11:52:33+00:00","dateModified":"2023-01-16T11:52:34+00:00","mainEntityOfPage":{"@id":"https:\/\/klimagerechte-architektur.de\/wir-entwickeln-den-alten-schlachthof-mit-der-genossenschaft-gewerbekultur-pforzheim\/"},"wordCount":171,"publisher":{"@id":"https:\/\/klimagerechte-architektur.de\/#organization"},"image":{"@id":"https:\/\/klimagerechte-architektur.de\/wir-entwickeln-den-alten-schlachthof-mit-der-genossenschaft-gewerbekultur-pforzheim\/#primaryimage"},"thumbnailUrl":"https:\/\/klimagerechte-architektur.de\/wp-content\/uploads\/2023\/01\/221128_Presseartikel_Alter-Schlachthof_19.11.2022.jpg","articleSection":["Aktuelles"],"inLanguage":"en-GB"},{"@type":"WebPage","@id":"https:\/\/klimagerechte-architektur.de\/wir-entwickeln-den-alten-schlachthof-mit-der-genossenschaft-gewerbekultur-pforzheim\/","url":"https:\/\/klimagerechte-architektur.de\/wir-entwickeln-den-alten-schlachthof-mit-der-genossenschaft-gewerbekultur-pforzheim\/","name":"We are developing the Alter Schlachthof with the Gewerbekultur cooperative - Pforzheim - L\u00f6ffler_Schmeling","isPartOf":{"@id":"https:\/\/klimagerechte-architektur.de\/#website"},"primaryImageOfPage":{"@id":"https:\/\/klimagerechte-architektur.de\/wir-entwickeln-den-alten-schlachthof-mit-der-genossenschaft-gewerbekultur-pforzheim\/#primaryimage"},"image":{"@id":"https:\/\/klimagerechte-architektur.de\/wir-entwickeln-den-alten-schlachthof-mit-der-genossenschaft-gewerbekultur-pforzheim\/#primaryimage"},"thumbnailUrl":"https:\/\/klimagerechte-architektur.de\/wp-content\/uploads\/2023\/01\/221128_Presseartikel_Alter-Schlachthof_19.11.2022.jpg","datePublished":"2023-01-16T11:52:33+00:00","dateModified":"2023-01-16T11:52:34+00:00","breadcrumb":{"@id":"https:\/\/klimagerechte-architektur.de\/wir-entwickeln-den-alten-schlachthof-mit-der-genossenschaft-gewerbekultur-pforzheim\/#breadcrumb"},"inLanguage":"en-GB","potentialAction":[{"@type":"ReadAction","target":["https:\/\/klimagerechte-architektur.de\/wir-entwickeln-den-alten-schlachthof-mit-der-genossenschaft-gewerbekultur-pforzheim\/"]}]},{"@type":"ImageObject","inLanguage":"en-GB","@id":"https:\/\/klimagerechte-architektur.de\/wir-entwickeln-den-alten-schlachthof-mit-der-genossenschaft-gewerbekultur-pforzheim\/#primaryimage","url":"https:\/\/klimagerechte-architektur.de\/wp-content\/uploads\/2023\/01\/221128_Presseartikel_Alter-Schlachthof_19.11.2022.jpg","contentUrl":"https:\/\/klimagerechte-architektur.de\/wp-content\/uploads\/2023\/01\/221128_Presseartikel_Alter-Schlachthof_19.11.2022.jpg","width":893,"height":836},{"@type":"BreadcrumbList","@id":"https:\/\/klimagerechte-architektur.de\/wir-entwickeln-den-alten-schlachthof-mit-der-genossenschaft-gewerbekultur-pforzheim\/#breadcrumb","itemListElement":[{"@type":"ListItem","position":1,"name":"Startseite","item":"https:\/\/klimagerechte-architektur.de\/"},{"@type":"ListItem","position":2,"name":"Wir entwickeln den Alten Schlachthof mit der Genossenschaft Gewerbekultur \u2013 Pforzheim"}]},{"@type":"WebSite","@id":"https:\/\/klimagerechte-architektur.de\/#website","url":"https:\/\/klimagerechte-architektur.de\/","name":"Climate-aware architecture","description":"CLIMATE JUSTICE - THE BRIDGE BETWEEN SOCIAL AND ECOLOGICAL ARCHITECTURE","publisher":{"@id":"https:\/\/klimagerechte-architektur.de\/#organization"},"potentialAction":[{"@type":"SearchAction","target":{"@type":"EntryPoint","urlTemplate":"https:\/\/klimagerechte-architektur.de\/?s={search_term_string}"},"query-input":{"@type":"PropertyValueSpecification","valueRequired":true,"valueName":"search_term_string"}}],"inLanguage":"en-GB"},{"@type":"Organization","@id":"https:\/\/klimagerechte-architektur.de\/#organization","name":"L\u00f6ffler_Schmeling Architects","url":"https:\/\/klimagerechte-architektur.de\/","logo":{"@type":"ImageObject","inLanguage":"en-GB","@id":"https:\/\/klimagerechte-architektur.de\/#\/schema\/logo\/image\/","url":"https:\/\/klimagerechte-architektur.de\/wp-content\/uploads\/2023\/01\/LS_LogoCoolveticaueberarbeitet_Anne-1.png","contentUrl":"https:\/\/klimagerechte-architektur.de\/wp-content\/uploads\/2023\/01\/LS_LogoCoolveticaueberarbeitet_Anne-1.png","width":1741,"height":402,"caption":"L\u00f6ffler_Schmeling Architekten"},"image":{"@id":"https:\/\/klimagerechte-architektur.de\/#\/schema\/logo\/image\/"}},{"@type":"Person","@id":"https:\/\/klimagerechte-architektur.de\/#\/schema\/person\/4042f56d4579281350baf52dd9b9872b","name":"digital paths","image":{"@type":"ImageObject","inLanguage":"en-GB","@id":"https:\/\/secure.gravatar.com\/avatar\/5c8c660d235cd9e73eab65c522fa3ba544adb4b61dfafed715bcd5a3a2155c6e?s=96&d=mm&r=g","url":"https:\/\/secure.gravatar.com\/avatar\/5c8c660d235cd9e73eab65c522fa3ba544adb4b61dfafed715bcd5a3a2155c6e?s=96&d=mm&r=g","contentUrl":"https:\/\/secure.gravatar.com\/avatar\/5c8c660d235cd9e73eab65c522fa3ba544adb4b61dfafed715bcd5a3a2155c6e?s=96&d=mm&r=g","caption":"digitalewege"},"sameAs":["https:\/\/digitalewege.de"]}]}},"_links":{"self":[{"href":"https:\/\/klimagerechte-architektur.de\/en\/wp-json\/wp\/v2\/posts\/642","targetHints":{"allow":["GET"]}}],"collection":[{"href":"https:\/\/klimagerechte-architektur.de\/en\/wp-json\/wp\/v2\/posts"}],"about":[{"href":"https:\/\/klimagerechte-architektur.de\/en\/wp-json\/wp\/v2\/types\/post"}],"author":[{"embeddable":true,"href":"https:\/\/klimagerechte-architektur.de\/en\/wp-json\/wp\/v2\/users\/1"}],"replies":[{"embeddable":true,"href":"https:\/\/klimagerechte-architektur.de\/en\/wp-json\/wp\/v2\/comments?post=642"}],"version-history":[{"count":1,"href":"https:\/\/klimagerechte-architektur.de\/en\/wp-json\/wp\/v2\/posts\/642\/revisions"}],"predecessor-version":[{"id":644,"href":"https:\/\/klimagerechte-architektur.de\/en\/wp-json\/wp\/v2\/posts\/642\/revisions\/644"}],"wp:featuredmedia":[{"embeddable":true,"href":"https:\/\/klimagerechte-architektur.de\/en\/wp-json\/wp\/v2\/media\/643"}],"wp:attachment":[{"href":"https:\/\/klimagerechte-architektur.de\/en\/wp-json\/wp\/v2\/media?parent=642"}],"wp:term":[{"taxonomy":"category","embeddable":true,"href":"https:\/\/klimagerechte-architektur.de\/en\/wp-json\/wp\/v2\/categories?post=642"},{"taxonomy":"post_tag","embeddable":true,"href":"https:\/\/klimagerechte-architektur.de\/en\/wp-json\/wp\/v2\/tags?post=642"}],"curies":[{"name":"wp","href":"https:\/\/api.w.org\/{rel}","templated":true}]}}