{"id":645,"date":"2023-01-16T11:53:26","date_gmt":"2023-01-16T11:53:26","guid":{"rendered":"https:\/\/klimagerechte-architektur.de\/?p=645"},"modified":"2023-01-16T11:53:27","modified_gmt":"2023-01-16T11:53:27","slug":"grupo-constructor-en-neu-ulm-busca-copropietario","status":"publish","type":"post","link":"https:\/\/klimagerechte-architektur.de\/es\/baugruppe-in-neu-ulm-miteigentuemer-gesucht\/","title":{"rendered":"Grupo de construcci\u00f3n en Neu-Ulm - Se buscan copropietarios"},"content":{"rendered":"<p>A\u00fan quedan pisos disponibles en el proyecto de construcci\u00f3n CURD.<br>La comunidad crea un espacio vital compartido en el que se tienen en cuenta las distintas necesidades y fases vitales de cada miembro y en el que todos pueden aportar y desarrollar sus dones. Destacan las zonas comunes de la azotea, con vistas a la catedral de Ulm y disponibles para actividades conjuntas, celebraciones e invitados. El jard\u00edn de la azotea, con amplios arriates elevados, completa el uso del tejado.<\/p>\n\n\n\n<figure class=\"wp-block-image size-large\"><img fetchpriority=\"high\" decoding=\"async\" width=\"1024\" height=\"576\" src=\"https:\/\/klimagerechte-architektur.de\/wp-content\/uploads\/2023\/01\/neu-ulm-gemeinschaftsraum-eigentum-freie-wohnungen-1024x576.jpg\" alt=\"\" class=\"wp-image-648\" srcset=\"https:\/\/klimagerechte-architektur.de\/wp-content\/uploads\/2023\/01\/neu-ulm-gemeinschaftsraum-eigentum-freie-wohnungen-1024x576.jpg 1024w, https:\/\/klimagerechte-architektur.de\/wp-content\/uploads\/2023\/01\/neu-ulm-gemeinschaftsraum-eigentum-freie-wohnungen-300x169.jpg 300w, https:\/\/klimagerechte-architektur.de\/wp-content\/uploads\/2023\/01\/neu-ulm-gemeinschaftsraum-eigentum-freie-wohnungen-768x432.jpg 768w, https:\/\/klimagerechte-architektur.de\/wp-content\/uploads\/2023\/01\/neu-ulm-gemeinschaftsraum-eigentum-freie-wohnungen-1536x864.jpg 1536w, https:\/\/klimagerechte-architektur.de\/wp-content\/uploads\/2023\/01\/neu-ulm-gemeinschaftsraum-eigentum-freie-wohnungen.jpg 1920w\" sizes=\"(max-width: 1024px) 100vw, 1024px\" \/><\/figure>\n\n\n\n<p>La abreviatura CURD significa direcci\u00f3n futura:<br>Curd-J\u00fcrgens-Stra\u00dfe<br>Encontrar\u00e1 m\u00e1s informaci\u00f3n sobre el montaje&nbsp;<a href=\"https:\/\/curd.com.de\/\">aqu\u00ed<\/a>.<\/p>\n\n\n\n<p>\u00bfLe gustar\u00eda invertir en zonas comunes como parte del grupo para crear espacios de convivencia entre los residentes?<br>Si est\u00e1 interesado, p\u00f3ngase en contacto con el Sr. Erol (<a>servet.erol@postbank.de<\/a>).<\/p>","protected":false},"excerpt":{"rendered":"<p>Im Bauprojekt CURD sind noch Wohnungen frei.Die Gemeinschaft gestaltet einen gemeinsamen Lebensraum, in dem auf die unterschiedlichen Bed\u00fcrfnisse und Lebensphasen jedes Mitgliedes R\u00fccksicht genommen wird und in dem jede ihre und jeder seine Gaben einbringen und entfalten kann. Bemerkenswert sind die gemeinschaftlich genutzten Fl\u00e4chen auf dem Dach, die den Blick auf das Ulmer M\u00fcnster erlauben [&hellip;]<\/p>\n","protected":false},"author":1,"featured_media":647,"comment_status":"closed","ping_status":"closed","sticky":false,"template":"","format":"standard","meta":{"footnotes":""},"categories":[22],"tags":[],"class_list":["post-645","post","type-post","status-publish","format-standard","has-post-thumbnail","hentry","category-aktuelles"],"yoast_head":"<!-- This site is optimized with the Yoast SEO plugin v27.3 - https:\/\/yoast.com\/product\/yoast-seo-wordpress\/ -->\n<title>Baugruppe in Neu-Ulm \u2013 Miteigent\u00fcmer gesucht - L\u00f6ffler_Schmeling<\/title>\n<meta name=\"robots\" content=\"noindex, follow\" \/>\n<meta property=\"og:locale\" content=\"es_ES\" \/>\n<meta property=\"og:type\" content=\"article\" \/>\n<meta property=\"og:title\" content=\"Baugruppe in Neu-Ulm \u2013 Miteigent\u00fcmer gesucht - L\u00f6ffler_Schmeling\" \/>\n<meta property=\"og:description\" content=\"Im Bauprojekt CURD sind noch Wohnungen frei.Die Gemeinschaft gestaltet einen gemeinsamen Lebensraum, in dem auf die unterschiedlichen Bed\u00fcrfnisse und Lebensphasen jedes Mitgliedes R\u00fccksicht genommen wird und in dem jede ihre und jeder seine Gaben einbringen und entfalten kann. Bemerkenswert sind die gemeinschaftlich genutzten Fl\u00e4chen auf dem Dach, die den Blick auf das Ulmer M\u00fcnster erlauben [&hellip;]\" \/>\n<meta property=\"og:url\" content=\"https:\/\/klimagerechte-architektur.de\/es\/grupo-constructor-en-neu-ulm-busca-copropietario\/\" \/>\n<meta property=\"og:site_name\" content=\"L\u00f6ffler_Schmeling\" \/>\n<meta property=\"article:published_time\" content=\"2023-01-16T11:53:26+00:00\" \/>\n<meta property=\"article:modified_time\" content=\"2023-01-16T11:53:27+00:00\" \/>\n<meta property=\"og:image\" content=\"https:\/\/klimagerechte-architektur.de\/wp-content\/uploads\/2023\/01\/perspektive-neu-ulm-freie-wohnungen-eigentumswohnungen.jpg\" \/>\n\t<meta property=\"og:image:width\" content=\"1920\" \/>\n\t<meta property=\"og:image:height\" content=\"1382\" \/>\n\t<meta property=\"og:image:type\" content=\"image\/jpeg\" \/>\n<meta name=\"author\" content=\"digitalewege\" \/>\n<meta name=\"twitter:card\" content=\"summary_large_image\" \/>\n<meta name=\"twitter:label1\" content=\"Escrito por\" \/>\n\t<meta name=\"twitter:data1\" content=\"digitalewege\" \/>\n\t<meta name=\"twitter:label2\" content=\"Tiempo de lectura\" \/>\n\t<meta name=\"twitter:data2\" content=\"1 minuto\" \/>\n<script type=\"application\/ld+json\" class=\"yoast-schema-graph\">{\"@context\":\"https:\\\/\\\/schema.org\",\"@graph\":[{\"@type\":\"Article\",\"@id\":\"https:\\\/\\\/klimagerechte-architektur.de\\\/baugruppe-in-neu-ulm-miteigentuemer-gesucht\\\/#article\",\"isPartOf\":{\"@id\":\"https:\\\/\\\/klimagerechte-architektur.de\\\/baugruppe-in-neu-ulm-miteigentuemer-gesucht\\\/\"},\"author\":{\"name\":\"digitalewege\",\"@id\":\"https:\\\/\\\/klimagerechte-architektur.de\\\/#\\\/schema\\\/person\\\/4042f56d4579281350baf52dd9b9872b\"},\"headline\":\"Baugruppe in Neu-Ulm \u2013 Miteigent\u00fcmer gesucht\",\"datePublished\":\"2023-01-16T11:53:26+00:00\",\"dateModified\":\"2023-01-16T11:53:27+00:00\",\"mainEntityOfPage\":{\"@id\":\"https:\\\/\\\/klimagerechte-architektur.de\\\/baugruppe-in-neu-ulm-miteigentuemer-gesucht\\\/\"},\"wordCount\":151,\"publisher\":{\"@id\":\"https:\\\/\\\/klimagerechte-architektur.de\\\/#organization\"},\"image\":{\"@id\":\"https:\\\/\\\/klimagerechte-architektur.de\\\/baugruppe-in-neu-ulm-miteigentuemer-gesucht\\\/#primaryimage\"},\"thumbnailUrl\":\"https:\\\/\\\/klimagerechte-architektur.de\\\/wp-content\\\/uploads\\\/2023\\\/01\\\/perspektive-neu-ulm-freie-wohnungen-eigentumswohnungen.jpg\",\"articleSection\":[\"Aktuelles\"],\"inLanguage\":\"es\"},{\"@type\":\"WebPage\",\"@id\":\"https:\\\/\\\/klimagerechte-architektur.de\\\/baugruppe-in-neu-ulm-miteigentuemer-gesucht\\\/\",\"url\":\"https:\\\/\\\/klimagerechte-architektur.de\\\/baugruppe-in-neu-ulm-miteigentuemer-gesucht\\\/\",\"name\":\"Baugruppe in Neu-Ulm \u2013 Miteigent\u00fcmer gesucht - L\u00f6ffler_Schmeling\",\"isPartOf\":{\"@id\":\"https:\\\/\\\/klimagerechte-architektur.de\\\/#website\"},\"primaryImageOfPage\":{\"@id\":\"https:\\\/\\\/klimagerechte-architektur.de\\\/baugruppe-in-neu-ulm-miteigentuemer-gesucht\\\/#primaryimage\"},\"image\":{\"@id\":\"https:\\\/\\\/klimagerechte-architektur.de\\\/baugruppe-in-neu-ulm-miteigentuemer-gesucht\\\/#primaryimage\"},\"thumbnailUrl\":\"https:\\\/\\\/klimagerechte-architektur.de\\\/wp-content\\\/uploads\\\/2023\\\/01\\\/perspektive-neu-ulm-freie-wohnungen-eigentumswohnungen.jpg\",\"datePublished\":\"2023-01-16T11:53:26+00:00\",\"dateModified\":\"2023-01-16T11:53:27+00:00\",\"breadcrumb\":{\"@id\":\"https:\\\/\\\/klimagerechte-architektur.de\\\/baugruppe-in-neu-ulm-miteigentuemer-gesucht\\\/#breadcrumb\"},\"inLanguage\":\"es\",\"potentialAction\":[{\"@type\":\"ReadAction\",\"target\":[\"https:\\\/\\\/klimagerechte-architektur.de\\\/baugruppe-in-neu-ulm-miteigentuemer-gesucht\\\/\"]}]},{\"@type\":\"ImageObject\",\"inLanguage\":\"es\",\"@id\":\"https:\\\/\\\/klimagerechte-architektur.de\\\/baugruppe-in-neu-ulm-miteigentuemer-gesucht\\\/#primaryimage\",\"url\":\"https:\\\/\\\/klimagerechte-architektur.de\\\/wp-content\\\/uploads\\\/2023\\\/01\\\/perspektive-neu-ulm-freie-wohnungen-eigentumswohnungen.jpg\",\"contentUrl\":\"https:\\\/\\\/klimagerechte-architektur.de\\\/wp-content\\\/uploads\\\/2023\\\/01\\\/perspektive-neu-ulm-freie-wohnungen-eigentumswohnungen.jpg\",\"width\":1920,\"height\":1382},{\"@type\":\"BreadcrumbList\",\"@id\":\"https:\\\/\\\/klimagerechte-architektur.de\\\/baugruppe-in-neu-ulm-miteigentuemer-gesucht\\\/#breadcrumb\",\"itemListElement\":[{\"@type\":\"ListItem\",\"position\":1,\"name\":\"Startseite\",\"item\":\"https:\\\/\\\/klimagerechte-architektur.de\\\/\"},{\"@type\":\"ListItem\",\"position\":2,\"name\":\"Baugruppe in Neu-Ulm \u2013 Miteigent\u00fcmer gesucht\"}]},{\"@type\":\"WebSite\",\"@id\":\"https:\\\/\\\/klimagerechte-architektur.de\\\/#website\",\"url\":\"https:\\\/\\\/klimagerechte-architektur.de\\\/\",\"name\":\"Klimagerechte Architektur\",\"description\":\"KLIMAGERECHTIGKEIT \u2013 DIE BR\u00dcCKE ZWISCHEN SOZIALER UND \u00d6KOLOGISCHER ARCHITEKTUR\",\"publisher\":{\"@id\":\"https:\\\/\\\/klimagerechte-architektur.de\\\/#organization\"},\"potentialAction\":[{\"@type\":\"SearchAction\",\"target\":{\"@type\":\"EntryPoint\",\"urlTemplate\":\"https:\\\/\\\/klimagerechte-architektur.de\\\/?s={search_term_string}\"},\"query-input\":{\"@type\":\"PropertyValueSpecification\",\"valueRequired\":true,\"valueName\":\"search_term_string\"}}],\"inLanguage\":\"es\"},{\"@type\":\"Organization\",\"@id\":\"https:\\\/\\\/klimagerechte-architektur.de\\\/#organization\",\"name\":\"L\u00f6ffler_Schmeling Architekten\",\"url\":\"https:\\\/\\\/klimagerechte-architektur.de\\\/\",\"logo\":{\"@type\":\"ImageObject\",\"inLanguage\":\"es\",\"@id\":\"https:\\\/\\\/klimagerechte-architektur.de\\\/#\\\/schema\\\/logo\\\/image\\\/\",\"url\":\"https:\\\/\\\/klimagerechte-architektur.de\\\/wp-content\\\/uploads\\\/2023\\\/01\\\/LS_LogoCoolveticaueberarbeitet_Anne-1.png\",\"contentUrl\":\"https:\\\/\\\/klimagerechte-architektur.de\\\/wp-content\\\/uploads\\\/2023\\\/01\\\/LS_LogoCoolveticaueberarbeitet_Anne-1.png\",\"width\":1741,\"height\":402,\"caption\":\"L\u00f6ffler_Schmeling Architekten\"},\"image\":{\"@id\":\"https:\\\/\\\/klimagerechte-architektur.de\\\/#\\\/schema\\\/logo\\\/image\\\/\"}},{\"@type\":\"Person\",\"@id\":\"https:\\\/\\\/klimagerechte-architektur.de\\\/#\\\/schema\\\/person\\\/4042f56d4579281350baf52dd9b9872b\",\"name\":\"digitalewege\",\"image\":{\"@type\":\"ImageObject\",\"inLanguage\":\"es\",\"@id\":\"https:\\\/\\\/secure.gravatar.com\\\/avatar\\\/5c8c660d235cd9e73eab65c522fa3ba544adb4b61dfafed715bcd5a3a2155c6e?s=96&d=mm&r=g\",\"url\":\"https:\\\/\\\/secure.gravatar.com\\\/avatar\\\/5c8c660d235cd9e73eab65c522fa3ba544adb4b61dfafed715bcd5a3a2155c6e?s=96&d=mm&r=g\",\"contentUrl\":\"https:\\\/\\\/secure.gravatar.com\\\/avatar\\\/5c8c660d235cd9e73eab65c522fa3ba544adb4b61dfafed715bcd5a3a2155c6e?s=96&d=mm&r=g\",\"caption\":\"digitalewege\"},\"sameAs\":[\"https:\\\/\\\/digitalewege.de\"]}]}<\/script>\n<!-- \/ Yoast SEO plugin. -->","yoast_head_json":{"title":"Grupo de construcci\u00f3n en Neu-Ulm - Se buscan copropietarios - L\u00f6ffler_Schmeling","robots":{"index":"noindex","follow":"follow"},"og_locale":"es_ES","og_type":"article","og_title":"Baugruppe in Neu-Ulm \u2013 Miteigent\u00fcmer gesucht - L\u00f6ffler_Schmeling","og_description":"Im Bauprojekt CURD sind noch Wohnungen frei.Die Gemeinschaft gestaltet einen gemeinsamen Lebensraum, in dem auf die unterschiedlichen Bed\u00fcrfnisse und Lebensphasen jedes Mitgliedes R\u00fccksicht genommen wird und in dem jede ihre und jeder seine Gaben einbringen und entfalten kann. Bemerkenswert sind die gemeinschaftlich genutzten Fl\u00e4chen auf dem Dach, die den Blick auf das Ulmer M\u00fcnster erlauben [&hellip;]","og_url":"https:\/\/klimagerechte-architektur.de\/es\/grupo-constructor-en-neu-ulm-busca-copropietario\/","og_site_name":"L\u00f6ffler_Schmeling","article_published_time":"2023-01-16T11:53:26+00:00","article_modified_time":"2023-01-16T11:53:27+00:00","og_image":[{"width":1920,"height":1382,"url":"https:\/\/klimagerechte-architektur.de\/wp-content\/uploads\/2023\/01\/perspektive-neu-ulm-freie-wohnungen-eigentumswohnungen.jpg","type":"image\/jpeg"}],"author":"digitalewege","twitter_card":"summary_large_image","twitter_misc":{"Escrito por":"digitalewege","Tiempo de lectura":"1 minuto"},"schema":{"@context":"https:\/\/schema.org","@graph":[{"@type":"Article","@id":"https:\/\/klimagerechte-architektur.de\/baugruppe-in-neu-ulm-miteigentuemer-gesucht\/#article","isPartOf":{"@id":"https:\/\/klimagerechte-architektur.de\/baugruppe-in-neu-ulm-miteigentuemer-gesucht\/"},"author":{"name":"digitalewege","@id":"https:\/\/klimagerechte-architektur.de\/#\/schema\/person\/4042f56d4579281350baf52dd9b9872b"},"headline":"Baugruppe in Neu-Ulm \u2013 Miteigent\u00fcmer gesucht","datePublished":"2023-01-16T11:53:26+00:00","dateModified":"2023-01-16T11:53:27+00:00","mainEntityOfPage":{"@id":"https:\/\/klimagerechte-architektur.de\/baugruppe-in-neu-ulm-miteigentuemer-gesucht\/"},"wordCount":151,"publisher":{"@id":"https:\/\/klimagerechte-architektur.de\/#organization"},"image":{"@id":"https:\/\/klimagerechte-architektur.de\/baugruppe-in-neu-ulm-miteigentuemer-gesucht\/#primaryimage"},"thumbnailUrl":"https:\/\/klimagerechte-architektur.de\/wp-content\/uploads\/2023\/01\/perspektive-neu-ulm-freie-wohnungen-eigentumswohnungen.jpg","articleSection":["Aktuelles"],"inLanguage":"es"},{"@type":"WebPage","@id":"https:\/\/klimagerechte-architektur.de\/baugruppe-in-neu-ulm-miteigentuemer-gesucht\/","url":"https:\/\/klimagerechte-architektur.de\/baugruppe-in-neu-ulm-miteigentuemer-gesucht\/","name":"Grupo de construcci\u00f3n en Neu-Ulm - Se buscan copropietarios - L\u00f6ffler_Schmeling","isPartOf":{"@id":"https:\/\/klimagerechte-architektur.de\/#website"},"primaryImageOfPage":{"@id":"https:\/\/klimagerechte-architektur.de\/baugruppe-in-neu-ulm-miteigentuemer-gesucht\/#primaryimage"},"image":{"@id":"https:\/\/klimagerechte-architektur.de\/baugruppe-in-neu-ulm-miteigentuemer-gesucht\/#primaryimage"},"thumbnailUrl":"https:\/\/klimagerechte-architektur.de\/wp-content\/uploads\/2023\/01\/perspektive-neu-ulm-freie-wohnungen-eigentumswohnungen.jpg","datePublished":"2023-01-16T11:53:26+00:00","dateModified":"2023-01-16T11:53:27+00:00","breadcrumb":{"@id":"https:\/\/klimagerechte-architektur.de\/baugruppe-in-neu-ulm-miteigentuemer-gesucht\/#breadcrumb"},"inLanguage":"es","potentialAction":[{"@type":"ReadAction","target":["https:\/\/klimagerechte-architektur.de\/baugruppe-in-neu-ulm-miteigentuemer-gesucht\/"]}]},{"@type":"ImageObject","inLanguage":"es","@id":"https:\/\/klimagerechte-architektur.de\/baugruppe-in-neu-ulm-miteigentuemer-gesucht\/#primaryimage","url":"https:\/\/klimagerechte-architektur.de\/wp-content\/uploads\/2023\/01\/perspektive-neu-ulm-freie-wohnungen-eigentumswohnungen.jpg","contentUrl":"https:\/\/klimagerechte-architektur.de\/wp-content\/uploads\/2023\/01\/perspektive-neu-ulm-freie-wohnungen-eigentumswohnungen.jpg","width":1920,"height":1382},{"@type":"BreadcrumbList","@id":"https:\/\/klimagerechte-architektur.de\/baugruppe-in-neu-ulm-miteigentuemer-gesucht\/#breadcrumb","itemListElement":[{"@type":"ListItem","position":1,"name":"Startseite","item":"https:\/\/klimagerechte-architektur.de\/"},{"@type":"ListItem","position":2,"name":"Baugruppe in Neu-Ulm \u2013 Miteigent\u00fcmer gesucht"}]},{"@type":"WebSite","@id":"https:\/\/klimagerechte-architektur.de\/#website","url":"https:\/\/klimagerechte-architektur.de\/","name":"Arquitectura respetuosa con el clima","description":"JUSTICIA CLIM\u00c1TICA: EL PUENTE ENTRE LA ARQUITECTURA SOCIAL Y LA ECOL\u00d3GICA","publisher":{"@id":"https:\/\/klimagerechte-architektur.de\/#organization"},"potentialAction":[{"@type":"SearchAction","target":{"@type":"EntryPoint","urlTemplate":"https:\/\/klimagerechte-architektur.de\/?s={search_term_string}"},"query-input":{"@type":"PropertyValueSpecification","valueRequired":true,"valueName":"search_term_string"}}],"inLanguage":"es"},{"@type":"Organization","@id":"https:\/\/klimagerechte-architektur.de\/#organization","name":"L\u00f6ffler_Schmeling Arquitectos","url":"https:\/\/klimagerechte-architektur.de\/","logo":{"@type":"ImageObject","inLanguage":"es","@id":"https:\/\/klimagerechte-architektur.de\/#\/schema\/logo\/image\/","url":"https:\/\/klimagerechte-architektur.de\/wp-content\/uploads\/2023\/01\/LS_LogoCoolveticaueberarbeitet_Anne-1.png","contentUrl":"https:\/\/klimagerechte-architektur.de\/wp-content\/uploads\/2023\/01\/LS_LogoCoolveticaueberarbeitet_Anne-1.png","width":1741,"height":402,"caption":"L\u00f6ffler_Schmeling Architekten"},"image":{"@id":"https:\/\/klimagerechte-architektur.de\/#\/schema\/logo\/image\/"}},{"@type":"Person","@id":"https:\/\/klimagerechte-architektur.de\/#\/schema\/person\/4042f56d4579281350baf52dd9b9872b","name":"caminos digitales","image":{"@type":"ImageObject","inLanguage":"es","@id":"https:\/\/secure.gravatar.com\/avatar\/5c8c660d235cd9e73eab65c522fa3ba544adb4b61dfafed715bcd5a3a2155c6e?s=96&d=mm&r=g","url":"https:\/\/secure.gravatar.com\/avatar\/5c8c660d235cd9e73eab65c522fa3ba544adb4b61dfafed715bcd5a3a2155c6e?s=96&d=mm&r=g","contentUrl":"https:\/\/secure.gravatar.com\/avatar\/5c8c660d235cd9e73eab65c522fa3ba544adb4b61dfafed715bcd5a3a2155c6e?s=96&d=mm&r=g","caption":"digitalewege"},"sameAs":["https:\/\/digitalewege.de"]}]}},"_links":{"self":[{"href":"https:\/\/klimagerechte-architektur.de\/es\/wp-json\/wp\/v2\/posts\/645","targetHints":{"allow":["GET"]}}],"collection":[{"href":"https:\/\/klimagerechte-architektur.de\/es\/wp-json\/wp\/v2\/posts"}],"about":[{"href":"https:\/\/klimagerechte-architektur.de\/es\/wp-json\/wp\/v2\/types\/post"}],"author":[{"embeddable":true,"href":"https:\/\/klimagerechte-architektur.de\/es\/wp-json\/wp\/v2\/users\/1"}],"replies":[{"embeddable":true,"href":"https:\/\/klimagerechte-architektur.de\/es\/wp-json\/wp\/v2\/comments?post=645"}],"version-history":[{"count":1,"href":"https:\/\/klimagerechte-architektur.de\/es\/wp-json\/wp\/v2\/posts\/645\/revisions"}],"predecessor-version":[{"id":649,"href":"https:\/\/klimagerechte-architektur.de\/es\/wp-json\/wp\/v2\/posts\/645\/revisions\/649"}],"wp:featuredmedia":[{"embeddable":true,"href":"https:\/\/klimagerechte-architektur.de\/es\/wp-json\/wp\/v2\/media\/647"}],"wp:attachment":[{"href":"https:\/\/klimagerechte-architektur.de\/es\/wp-json\/wp\/v2\/media?parent=645"}],"wp:term":[{"taxonomy":"category","embeddable":true,"href":"https:\/\/klimagerechte-architektur.de\/es\/wp-json\/wp\/v2\/categories?post=645"},{"taxonomy":"post_tag","embeddable":true,"href":"https:\/\/klimagerechte-architektur.de\/es\/wp-json\/wp\/v2\/tags?post=645"}],"curies":[{"name":"wp","href":"https:\/\/api.w.org\/{rel}","templated":true}]}}