{"id":650,"date":"2023-01-16T11:54:26","date_gmt":"2023-01-16T11:54:26","guid":{"rendered":"https:\/\/klimagerechte-architektur.de\/?p=650"},"modified":"2023-01-16T13:12:32","modified_gmt":"2023-01-16T13:12:32","slug":"apertura-del-proyecto-piloto-en-palangka-raya-indonesia","status":"publish","type":"post","link":"https:\/\/klimagerechte-architektur.de\/es\/eroeffnung-des-pilotprojekts-in-palangka-raya-indonesien\/","title":{"rendered":"Inauguraci\u00f3n del proyecto piloto en Palangka Raya (Indonesia)"},"content":{"rendered":"\n<figure class=\"wp-block-image size-large\"><img fetchpriority=\"high\" decoding=\"async\" width=\"1024\" height=\"836\" src=\"https:\/\/klimagerechte-architektur.de\/wp-content\/uploads\/2023\/01\/einweihung-praesentation-johannes-schwegler-1024x836.jpg\" alt=\"\" class=\"wp-image-652\" srcset=\"https:\/\/klimagerechte-architektur.de\/wp-content\/uploads\/2023\/01\/einweihung-praesentation-johannes-schwegler-1024x836.jpg 1024w, https:\/\/klimagerechte-architektur.de\/wp-content\/uploads\/2023\/01\/einweihung-praesentation-johannes-schwegler-300x245.jpg 300w, https:\/\/klimagerechte-architektur.de\/wp-content\/uploads\/2023\/01\/einweihung-praesentation-johannes-schwegler-768x627.jpg 768w, https:\/\/klimagerechte-architektur.de\/wp-content\/uploads\/2023\/01\/einweihung-praesentation-johannes-schwegler-1536x1254.jpg 1536w, https:\/\/klimagerechte-architektur.de\/wp-content\/uploads\/2023\/01\/einweihung-praesentation-johannes-schwegler.jpg 2000w\" sizes=\"(max-width: 1024px) 100vw, 1024px\" \/><\/figure>\n\n\n\n<p>Das erste modulare Leichtholzgeb\u00e4ude in Zentral-Kalimantan ist offiziell er\u00f6ffnet!<\/p>\n\n\n\n<p>Am 30. Oktober weihte Fairventures das erste Modulhaus aus Leichtholz in Palangka Raya ein.<br>An dieser Er\u00f6ffnungsveranstaltung nahmen Vertreter des Deutschen Bundestages (Mitglieder des Ausschusses f\u00fcr wirtschaftliche Zusammenarbeit und Entwicklung) sowie Vertreter der indonesischen Regierung auf nationaler und regionaler Ebene teil. Johannes Schwegler, der Gr\u00fcnder von Fairventures, stellte das Modulhaus in einer Pr\u00e4sentation vor. Dieses Pilotprojekt setzt einen neuen Meilenstein in der Entwicklung des Holzbaus in Indonesien. Es basiert auf Holz aus aufgeforsteten Gebieten und dient als Demonstration daf\u00fcr, dass leichtes Holz ein konkurrenzf\u00e4higer Baustoff sein kann, der im Vergleich zu anderen Baumaterialien umweltfreundlicher ist. [Mehr Informationen zu diesem Projekt&nbsp;<a href=\"https:\/\/loeffler-schmeling-architekten.de\/2019\/06\/14\/entwicklung-eines-nachhaltigen-holzbausystems-aus-sengon-leichtholz-borneo-indonesien\/\">hier<\/a>&nbsp;]<\/p>\n\n\n\n<p>Sri Suwanto, der im Namen des Gouverneurs von Zentral-Kalimantan sprach, sagte: \u201eDies ist eine gro\u00dfartige Innovation und eine gute M\u00f6glichkeit, den Wert von Leichtholz zu f\u00f6rdern, was den Geist der lokalen Landwirte st\u00e4rken wird, mehr davon anzupflanzen.\u201c<br>Eine positive Bilanz zog auch der Delegationsleiter des Deutschen Bundestages, Dr. Christoph Hoffmann. \u201eDiese Initiative wird von der deutschen Regierung voll unterst\u00fctzt und was wir in Zentral-Kalimantan gesehen haben, k\u00f6nnte ein gro\u00dfartiges Beispiel f\u00fcr ein vollst\u00e4ndiges Modell der Wiederaufforstung sein.\u201c<\/p>\n\n\n\n<figure class=\"wp-block-image size-large\"><img decoding=\"async\" width=\"1024\" height=\"623\" src=\"https:\/\/klimagerechte-architektur.de\/wp-content\/uploads\/2023\/01\/pilotprojekt-holzmodulbau-leichtholz-eroeffnung-einweihung-1024x623.jpg\" alt=\"\" class=\"wp-image-653\" srcset=\"https:\/\/klimagerechte-architektur.de\/wp-content\/uploads\/2023\/01\/pilotprojekt-holzmodulbau-leichtholz-eroeffnung-einweihung-1024x623.jpg 1024w, https:\/\/klimagerechte-architektur.de\/wp-content\/uploads\/2023\/01\/pilotprojekt-holzmodulbau-leichtholz-eroeffnung-einweihung-300x182.jpg 300w, https:\/\/klimagerechte-architektur.de\/wp-content\/uploads\/2023\/01\/pilotprojekt-holzmodulbau-leichtholz-eroeffnung-einweihung-768x467.jpg 768w, https:\/\/klimagerechte-architektur.de\/wp-content\/uploads\/2023\/01\/pilotprojekt-holzmodulbau-leichtholz-eroeffnung-einweihung-1536x934.jpg 1536w, https:\/\/klimagerechte-architektur.de\/wp-content\/uploads\/2023\/01\/pilotprojekt-holzmodulbau-leichtholz-eroeffnung-einweihung.jpg 2000w\" sizes=\"(max-width: 1024px) 100vw, 1024px\" \/><\/figure>\n\n\n\n<p>Das Geb\u00e4ude ist das Ergebnis einer Partnerschaft zwischen Fairventures, L\u00f6ffler_Schmeling Architekten, dem Karlsruher Institut f\u00fcr Technologie (KIT), Bla\u00df &amp; Eberhart GmbH und der Transsolar GmbH. Es wurde gef\u00f6rdert von der Deutschen Bundesstiftung Umwelt (DBU).<\/p>\n\n\n\n<p>Wir freuen uns sehr \u00fcber diesen Erfolg.<\/p>\n","protected":false},"excerpt":{"rendered":"<p>Das erste modulare Leichtholzgeb\u00e4ude in Zentral-Kalimantan ist offiziell er\u00f6ffnet! Am 30. Oktober weihte Fairventures das erste Modulhaus aus Leichtholz in Palangka Raya ein.An dieser Er\u00f6ffnungsveranstaltung nahmen Vertreter des Deutschen Bundestages (Mitglieder des Ausschusses f\u00fcr wirtschaftliche Zusammenarbeit und Entwicklung) sowie Vertreter der indonesischen Regierung auf nationaler und regionaler Ebene teil. Johannes Schwegler, der Gr\u00fcnder von Fairventures, [&hellip;]<\/p>\n","protected":false},"author":1,"featured_media":651,"comment_status":"closed","ping_status":"closed","sticky":false,"template":"","format":"standard","meta":{"footnotes":""},"categories":[22],"tags":[],"class_list":["post-650","post","type-post","status-publish","format-standard","has-post-thumbnail","hentry","category-aktuelles"],"yoast_head":"<!-- This site is optimized with the Yoast SEO plugin v27.3 - https:\/\/yoast.com\/product\/yoast-seo-wordpress\/ -->\n<title>Er\u00f6ffnung des Pilotprojekts in Palangka Raya, Indonesien - L\u00f6ffler_Schmeling<\/title>\n<meta name=\"robots\" content=\"noindex, follow\" \/>\n<meta property=\"og:locale\" content=\"es_ES\" \/>\n<meta property=\"og:type\" content=\"article\" \/>\n<meta property=\"og:title\" content=\"Er\u00f6ffnung des Pilotprojekts in Palangka Raya, Indonesien - L\u00f6ffler_Schmeling\" \/>\n<meta property=\"og:description\" content=\"Das erste modulare Leichtholzgeb\u00e4ude in Zentral-Kalimantan ist offiziell er\u00f6ffnet! Am 30. Oktober weihte Fairventures das erste Modulhaus aus Leichtholz in Palangka Raya ein.An dieser Er\u00f6ffnungsveranstaltung nahmen Vertreter des Deutschen Bundestages (Mitglieder des Ausschusses f\u00fcr wirtschaftliche Zusammenarbeit und Entwicklung) sowie Vertreter der indonesischen Regierung auf nationaler und regionaler Ebene teil. Johannes Schwegler, der Gr\u00fcnder von Fairventures, [&hellip;]\" \/>\n<meta property=\"og:url\" content=\"https:\/\/klimagerechte-architektur.de\/es\/apertura-del-proyecto-piloto-en-palangka-raya-indonesia\/\" \/>\n<meta property=\"og:site_name\" content=\"L\u00f6ffler_Schmeling\" \/>\n<meta property=\"article:published_time\" content=\"2023-01-16T11:54:26+00:00\" \/>\n<meta property=\"article:modified_time\" content=\"2023-01-16T13:12:32+00:00\" \/>\n<meta property=\"og:image\" content=\"https:\/\/klimagerechte-architektur.de\/wp-content\/uploads\/2023\/01\/eroeffnung-pilotprojekt-palangka-raya-leichtholz.jpg\" \/>\n\t<meta property=\"og:image:width\" content=\"2000\" \/>\n\t<meta property=\"og:image:height\" content=\"1333\" \/>\n\t<meta property=\"og:image:type\" content=\"image\/jpeg\" \/>\n<meta name=\"author\" content=\"digitalewege\" \/>\n<meta name=\"twitter:card\" content=\"summary_large_image\" \/>\n<meta name=\"twitter:label1\" content=\"Escrito por\" \/>\n\t<meta name=\"twitter:data1\" content=\"digitalewege\" \/>\n\t<meta name=\"twitter:label2\" content=\"Tiempo de lectura\" \/>\n\t<meta name=\"twitter:data2\" content=\"2 minutos\" \/>\n<script type=\"application\/ld+json\" class=\"yoast-schema-graph\">{\"@context\":\"https:\\\/\\\/schema.org\",\"@graph\":[{\"@type\":\"Article\",\"@id\":\"https:\\\/\\\/klimagerechte-architektur.de\\\/eroeffnung-des-pilotprojekts-in-palangka-raya-indonesien\\\/#article\",\"isPartOf\":{\"@id\":\"https:\\\/\\\/klimagerechte-architektur.de\\\/eroeffnung-des-pilotprojekts-in-palangka-raya-indonesien\\\/\"},\"author\":{\"name\":\"digitalewege\",\"@id\":\"https:\\\/\\\/klimagerechte-architektur.de\\\/#\\\/schema\\\/person\\\/4042f56d4579281350baf52dd9b9872b\"},\"headline\":\"Er\u00f6ffnung des Pilotprojekts in Palangka Raya, Indonesien\",\"datePublished\":\"2023-01-16T11:54:26+00:00\",\"dateModified\":\"2023-01-16T13:12:32+00:00\",\"mainEntityOfPage\":{\"@id\":\"https:\\\/\\\/klimagerechte-architektur.de\\\/eroeffnung-des-pilotprojekts-in-palangka-raya-indonesien\\\/\"},\"wordCount\":259,\"publisher\":{\"@id\":\"https:\\\/\\\/klimagerechte-architektur.de\\\/#organization\"},\"image\":{\"@id\":\"https:\\\/\\\/klimagerechte-architektur.de\\\/eroeffnung-des-pilotprojekts-in-palangka-raya-indonesien\\\/#primaryimage\"},\"thumbnailUrl\":\"https:\\\/\\\/klimagerechte-architektur.de\\\/wp-content\\\/uploads\\\/2023\\\/01\\\/eroeffnung-pilotprojekt-palangka-raya-leichtholz.jpg\",\"articleSection\":[\"Aktuelles\"],\"inLanguage\":\"es\"},{\"@type\":\"WebPage\",\"@id\":\"https:\\\/\\\/klimagerechte-architektur.de\\\/eroeffnung-des-pilotprojekts-in-palangka-raya-indonesien\\\/\",\"url\":\"https:\\\/\\\/klimagerechte-architektur.de\\\/eroeffnung-des-pilotprojekts-in-palangka-raya-indonesien\\\/\",\"name\":\"Er\u00f6ffnung des Pilotprojekts in Palangka Raya, Indonesien - L\u00f6ffler_Schmeling\",\"isPartOf\":{\"@id\":\"https:\\\/\\\/klimagerechte-architektur.de\\\/#website\"},\"primaryImageOfPage\":{\"@id\":\"https:\\\/\\\/klimagerechte-architektur.de\\\/eroeffnung-des-pilotprojekts-in-palangka-raya-indonesien\\\/#primaryimage\"},\"image\":{\"@id\":\"https:\\\/\\\/klimagerechte-architektur.de\\\/eroeffnung-des-pilotprojekts-in-palangka-raya-indonesien\\\/#primaryimage\"},\"thumbnailUrl\":\"https:\\\/\\\/klimagerechte-architektur.de\\\/wp-content\\\/uploads\\\/2023\\\/01\\\/eroeffnung-pilotprojekt-palangka-raya-leichtholz.jpg\",\"datePublished\":\"2023-01-16T11:54:26+00:00\",\"dateModified\":\"2023-01-16T13:12:32+00:00\",\"breadcrumb\":{\"@id\":\"https:\\\/\\\/klimagerechte-architektur.de\\\/eroeffnung-des-pilotprojekts-in-palangka-raya-indonesien\\\/#breadcrumb\"},\"inLanguage\":\"es\",\"potentialAction\":[{\"@type\":\"ReadAction\",\"target\":[\"https:\\\/\\\/klimagerechte-architektur.de\\\/eroeffnung-des-pilotprojekts-in-palangka-raya-indonesien\\\/\"]}]},{\"@type\":\"ImageObject\",\"inLanguage\":\"es\",\"@id\":\"https:\\\/\\\/klimagerechte-architektur.de\\\/eroeffnung-des-pilotprojekts-in-palangka-raya-indonesien\\\/#primaryimage\",\"url\":\"https:\\\/\\\/klimagerechte-architektur.de\\\/wp-content\\\/uploads\\\/2023\\\/01\\\/eroeffnung-pilotprojekt-palangka-raya-leichtholz.jpg\",\"contentUrl\":\"https:\\\/\\\/klimagerechte-architektur.de\\\/wp-content\\\/uploads\\\/2023\\\/01\\\/eroeffnung-pilotprojekt-palangka-raya-leichtholz.jpg\",\"width\":2000,\"height\":1333},{\"@type\":\"BreadcrumbList\",\"@id\":\"https:\\\/\\\/klimagerechte-architektur.de\\\/eroeffnung-des-pilotprojekts-in-palangka-raya-indonesien\\\/#breadcrumb\",\"itemListElement\":[{\"@type\":\"ListItem\",\"position\":1,\"name\":\"Startseite\",\"item\":\"https:\\\/\\\/klimagerechte-architektur.de\\\/\"},{\"@type\":\"ListItem\",\"position\":2,\"name\":\"Er\u00f6ffnung des Pilotprojekts in Palangka Raya, Indonesien\"}]},{\"@type\":\"WebSite\",\"@id\":\"https:\\\/\\\/klimagerechte-architektur.de\\\/#website\",\"url\":\"https:\\\/\\\/klimagerechte-architektur.de\\\/\",\"name\":\"Klimagerechte Architektur\",\"description\":\"KLIMAGERECHTIGKEIT \u2013 DIE BR\u00dcCKE ZWISCHEN SOZIALER UND \u00d6KOLOGISCHER ARCHITEKTUR\",\"publisher\":{\"@id\":\"https:\\\/\\\/klimagerechte-architektur.de\\\/#organization\"},\"potentialAction\":[{\"@type\":\"SearchAction\",\"target\":{\"@type\":\"EntryPoint\",\"urlTemplate\":\"https:\\\/\\\/klimagerechte-architektur.de\\\/?s={search_term_string}\"},\"query-input\":{\"@type\":\"PropertyValueSpecification\",\"valueRequired\":true,\"valueName\":\"search_term_string\"}}],\"inLanguage\":\"es\"},{\"@type\":\"Organization\",\"@id\":\"https:\\\/\\\/klimagerechte-architektur.de\\\/#organization\",\"name\":\"L\u00f6ffler_Schmeling Architekten\",\"url\":\"https:\\\/\\\/klimagerechte-architektur.de\\\/\",\"logo\":{\"@type\":\"ImageObject\",\"inLanguage\":\"es\",\"@id\":\"https:\\\/\\\/klimagerechte-architektur.de\\\/#\\\/schema\\\/logo\\\/image\\\/\",\"url\":\"https:\\\/\\\/klimagerechte-architektur.de\\\/wp-content\\\/uploads\\\/2023\\\/01\\\/LS_LogoCoolveticaueberarbeitet_Anne-1.png\",\"contentUrl\":\"https:\\\/\\\/klimagerechte-architektur.de\\\/wp-content\\\/uploads\\\/2023\\\/01\\\/LS_LogoCoolveticaueberarbeitet_Anne-1.png\",\"width\":1741,\"height\":402,\"caption\":\"L\u00f6ffler_Schmeling Architekten\"},\"image\":{\"@id\":\"https:\\\/\\\/klimagerechte-architektur.de\\\/#\\\/schema\\\/logo\\\/image\\\/\"}},{\"@type\":\"Person\",\"@id\":\"https:\\\/\\\/klimagerechte-architektur.de\\\/#\\\/schema\\\/person\\\/4042f56d4579281350baf52dd9b9872b\",\"name\":\"digitalewege\",\"image\":{\"@type\":\"ImageObject\",\"inLanguage\":\"es\",\"@id\":\"https:\\\/\\\/secure.gravatar.com\\\/avatar\\\/5c8c660d235cd9e73eab65c522fa3ba544adb4b61dfafed715bcd5a3a2155c6e?s=96&d=mm&r=g\",\"url\":\"https:\\\/\\\/secure.gravatar.com\\\/avatar\\\/5c8c660d235cd9e73eab65c522fa3ba544adb4b61dfafed715bcd5a3a2155c6e?s=96&d=mm&r=g\",\"contentUrl\":\"https:\\\/\\\/secure.gravatar.com\\\/avatar\\\/5c8c660d235cd9e73eab65c522fa3ba544adb4b61dfafed715bcd5a3a2155c6e?s=96&d=mm&r=g\",\"caption\":\"digitalewege\"},\"sameAs\":[\"https:\\\/\\\/digitalewege.de\"]}]}<\/script>\n<!-- \/ Yoast SEO plugin. -->","yoast_head_json":{"title":"Inauguraci\u00f3n del proyecto piloto en Palangka Raya, Indonesia - L\u00f6ffler_Schmeling","robots":{"index":"noindex","follow":"follow"},"og_locale":"es_ES","og_type":"article","og_title":"Er\u00f6ffnung des Pilotprojekts in Palangka Raya, Indonesien - L\u00f6ffler_Schmeling","og_description":"Das erste modulare Leichtholzgeb\u00e4ude in Zentral-Kalimantan ist offiziell er\u00f6ffnet! Am 30. Oktober weihte Fairventures das erste Modulhaus aus Leichtholz in Palangka Raya ein.An dieser Er\u00f6ffnungsveranstaltung nahmen Vertreter des Deutschen Bundestages (Mitglieder des Ausschusses f\u00fcr wirtschaftliche Zusammenarbeit und Entwicklung) sowie Vertreter der indonesischen Regierung auf nationaler und regionaler Ebene teil. Johannes Schwegler, der Gr\u00fcnder von Fairventures, [&hellip;]","og_url":"https:\/\/klimagerechte-architektur.de\/es\/apertura-del-proyecto-piloto-en-palangka-raya-indonesia\/","og_site_name":"L\u00f6ffler_Schmeling","article_published_time":"2023-01-16T11:54:26+00:00","article_modified_time":"2023-01-16T13:12:32+00:00","og_image":[{"width":2000,"height":1333,"url":"https:\/\/klimagerechte-architektur.de\/wp-content\/uploads\/2023\/01\/eroeffnung-pilotprojekt-palangka-raya-leichtholz.jpg","type":"image\/jpeg"}],"author":"digitalewege","twitter_card":"summary_large_image","twitter_misc":{"Escrito por":"digitalewege","Tiempo de lectura":"2 minutos"},"schema":{"@context":"https:\/\/schema.org","@graph":[{"@type":"Article","@id":"https:\/\/klimagerechte-architektur.de\/eroeffnung-des-pilotprojekts-in-palangka-raya-indonesien\/#article","isPartOf":{"@id":"https:\/\/klimagerechte-architektur.de\/eroeffnung-des-pilotprojekts-in-palangka-raya-indonesien\/"},"author":{"name":"digitalewege","@id":"https:\/\/klimagerechte-architektur.de\/#\/schema\/person\/4042f56d4579281350baf52dd9b9872b"},"headline":"Er\u00f6ffnung des Pilotprojekts in Palangka Raya, Indonesien","datePublished":"2023-01-16T11:54:26+00:00","dateModified":"2023-01-16T13:12:32+00:00","mainEntityOfPage":{"@id":"https:\/\/klimagerechte-architektur.de\/eroeffnung-des-pilotprojekts-in-palangka-raya-indonesien\/"},"wordCount":259,"publisher":{"@id":"https:\/\/klimagerechte-architektur.de\/#organization"},"image":{"@id":"https:\/\/klimagerechte-architektur.de\/eroeffnung-des-pilotprojekts-in-palangka-raya-indonesien\/#primaryimage"},"thumbnailUrl":"https:\/\/klimagerechte-architektur.de\/wp-content\/uploads\/2023\/01\/eroeffnung-pilotprojekt-palangka-raya-leichtholz.jpg","articleSection":["Aktuelles"],"inLanguage":"es"},{"@type":"WebPage","@id":"https:\/\/klimagerechte-architektur.de\/eroeffnung-des-pilotprojekts-in-palangka-raya-indonesien\/","url":"https:\/\/klimagerechte-architektur.de\/eroeffnung-des-pilotprojekts-in-palangka-raya-indonesien\/","name":"Inauguraci\u00f3n del proyecto piloto en Palangka Raya, Indonesia - L\u00f6ffler_Schmeling","isPartOf":{"@id":"https:\/\/klimagerechte-architektur.de\/#website"},"primaryImageOfPage":{"@id":"https:\/\/klimagerechte-architektur.de\/eroeffnung-des-pilotprojekts-in-palangka-raya-indonesien\/#primaryimage"},"image":{"@id":"https:\/\/klimagerechte-architektur.de\/eroeffnung-des-pilotprojekts-in-palangka-raya-indonesien\/#primaryimage"},"thumbnailUrl":"https:\/\/klimagerechte-architektur.de\/wp-content\/uploads\/2023\/01\/eroeffnung-pilotprojekt-palangka-raya-leichtholz.jpg","datePublished":"2023-01-16T11:54:26+00:00","dateModified":"2023-01-16T13:12:32+00:00","breadcrumb":{"@id":"https:\/\/klimagerechte-architektur.de\/eroeffnung-des-pilotprojekts-in-palangka-raya-indonesien\/#breadcrumb"},"inLanguage":"es","potentialAction":[{"@type":"ReadAction","target":["https:\/\/klimagerechte-architektur.de\/eroeffnung-des-pilotprojekts-in-palangka-raya-indonesien\/"]}]},{"@type":"ImageObject","inLanguage":"es","@id":"https:\/\/klimagerechte-architektur.de\/eroeffnung-des-pilotprojekts-in-palangka-raya-indonesien\/#primaryimage","url":"https:\/\/klimagerechte-architektur.de\/wp-content\/uploads\/2023\/01\/eroeffnung-pilotprojekt-palangka-raya-leichtholz.jpg","contentUrl":"https:\/\/klimagerechte-architektur.de\/wp-content\/uploads\/2023\/01\/eroeffnung-pilotprojekt-palangka-raya-leichtholz.jpg","width":2000,"height":1333},{"@type":"BreadcrumbList","@id":"https:\/\/klimagerechte-architektur.de\/eroeffnung-des-pilotprojekts-in-palangka-raya-indonesien\/#breadcrumb","itemListElement":[{"@type":"ListItem","position":1,"name":"Startseite","item":"https:\/\/klimagerechte-architektur.de\/"},{"@type":"ListItem","position":2,"name":"Er\u00f6ffnung des Pilotprojekts in Palangka Raya, Indonesien"}]},{"@type":"WebSite","@id":"https:\/\/klimagerechte-architektur.de\/#website","url":"https:\/\/klimagerechte-architektur.de\/","name":"Arquitectura respetuosa con el clima","description":"JUSTICIA CLIM\u00c1TICA: EL PUENTE ENTRE LA ARQUITECTURA SOCIAL Y LA ECOL\u00d3GICA","publisher":{"@id":"https:\/\/klimagerechte-architektur.de\/#organization"},"potentialAction":[{"@type":"SearchAction","target":{"@type":"EntryPoint","urlTemplate":"https:\/\/klimagerechte-architektur.de\/?s={search_term_string}"},"query-input":{"@type":"PropertyValueSpecification","valueRequired":true,"valueName":"search_term_string"}}],"inLanguage":"es"},{"@type":"Organization","@id":"https:\/\/klimagerechte-architektur.de\/#organization","name":"L\u00f6ffler_Schmeling Arquitectos","url":"https:\/\/klimagerechte-architektur.de\/","logo":{"@type":"ImageObject","inLanguage":"es","@id":"https:\/\/klimagerechte-architektur.de\/#\/schema\/logo\/image\/","url":"https:\/\/klimagerechte-architektur.de\/wp-content\/uploads\/2023\/01\/LS_LogoCoolveticaueberarbeitet_Anne-1.png","contentUrl":"https:\/\/klimagerechte-architektur.de\/wp-content\/uploads\/2023\/01\/LS_LogoCoolveticaueberarbeitet_Anne-1.png","width":1741,"height":402,"caption":"L\u00f6ffler_Schmeling Architekten"},"image":{"@id":"https:\/\/klimagerechte-architektur.de\/#\/schema\/logo\/image\/"}},{"@type":"Person","@id":"https:\/\/klimagerechte-architektur.de\/#\/schema\/person\/4042f56d4579281350baf52dd9b9872b","name":"caminos digitales","image":{"@type":"ImageObject","inLanguage":"es","@id":"https:\/\/secure.gravatar.com\/avatar\/5c8c660d235cd9e73eab65c522fa3ba544adb4b61dfafed715bcd5a3a2155c6e?s=96&d=mm&r=g","url":"https:\/\/secure.gravatar.com\/avatar\/5c8c660d235cd9e73eab65c522fa3ba544adb4b61dfafed715bcd5a3a2155c6e?s=96&d=mm&r=g","contentUrl":"https:\/\/secure.gravatar.com\/avatar\/5c8c660d235cd9e73eab65c522fa3ba544adb4b61dfafed715bcd5a3a2155c6e?s=96&d=mm&r=g","caption":"digitalewege"},"sameAs":["https:\/\/digitalewege.de"]}]}},"_links":{"self":[{"href":"https:\/\/klimagerechte-architektur.de\/es\/wp-json\/wp\/v2\/posts\/650","targetHints":{"allow":["GET"]}}],"collection":[{"href":"https:\/\/klimagerechte-architektur.de\/es\/wp-json\/wp\/v2\/posts"}],"about":[{"href":"https:\/\/klimagerechte-architektur.de\/es\/wp-json\/wp\/v2\/types\/post"}],"author":[{"embeddable":true,"href":"https:\/\/klimagerechte-architektur.de\/es\/wp-json\/wp\/v2\/users\/1"}],"replies":[{"embeddable":true,"href":"https:\/\/klimagerechte-architektur.de\/es\/wp-json\/wp\/v2\/comments?post=650"}],"version-history":[{"count":3,"href":"https:\/\/klimagerechte-architektur.de\/es\/wp-json\/wp\/v2\/posts\/650\/revisions"}],"predecessor-version":[{"id":4191,"href":"https:\/\/klimagerechte-architektur.de\/es\/wp-json\/wp\/v2\/posts\/650\/revisions\/4191"}],"wp:featuredmedia":[{"embeddable":true,"href":"https:\/\/klimagerechte-architektur.de\/es\/wp-json\/wp\/v2\/media\/651"}],"wp:attachment":[{"href":"https:\/\/klimagerechte-architektur.de\/es\/wp-json\/wp\/v2\/media?parent=650"}],"wp:term":[{"taxonomy":"category","embeddable":true,"href":"https:\/\/klimagerechte-architektur.de\/es\/wp-json\/wp\/v2\/categories?post=650"},{"taxonomy":"post_tag","embeddable":true,"href":"https:\/\/klimagerechte-architektur.de\/es\/wp-json\/wp\/v2\/tags?post=650"}],"curies":[{"name":"wp","href":"https:\/\/api.w.org\/{rel}","templated":true}]}}